{
  "@components": {
    "actions": {
      "contact_actions": [
        {
          "description": "", 
          "icon": "", 
          "id": "About", 
          "title": "About", 
          "url": "/en/about"
        }, 
        {
          "description": "", 
          "icon": "", 
          "id": "Contact", 
          "title": "Contact", 
          "url": "mailto:climate.adapt@eea.europa.eu"
        }
      ], 
      "contact_extra_actions": [], 
      "document_actions": [], 
      "footer_actions": [
        {
          "description": "", 
          "icon": "", 
          "id": "Sitemap", 
          "title": "Sitemap", 
          "url": "/en/sitemap"
        }, 
        {
          "description": "", 
          "icon": "", 
          "id": "CMS Login", 
          "title": "CMS Login", 
          "url": "/en/login"
        }, 
        {
          "description": "", 
          "icon": "", 
          "id": "Privacy", 
          "title": "Privacy", 
          "url": "/privacy-and-legal-notice"
        }
      ], 
      "object": [
        {
          "description": "", 
          "icon": "", 
          "id": "view", 
          "title": "View", 
          "url": "https://climate-adapt.eea.europa.eu/observatory-organisations"
        }
      ], 
      "object_buttons": [
        {
          "description": "", 
          "icon": "plone-copy", 
          "id": "copy", 
          "title": "Copy", 
          "url": "https://climate-adapt.eea.europa.eu/observatory-organisations/object_copy"
        }
      ], 
      "portal_tabs": [], 
      "site_actions": [
        {
          "description": "", 
          "icon": "plone-sitemap", 
          "id": "sitemap", 
          "title": "Site Map", 
          "url": "https://climate-adapt.eea.europa.eu/sitemap"
        }, 
        {
          "description": "", 
          "icon": "plone-contact-info", 
          "id": "contact", 
          "title": "Contact", 
          "url": "https://climate-adapt.eea.europa.eu/contact-form"
        }
      ], 
      "user": [
        {
          "description": "", 
          "icon": "plone-login", 
          "id": "login", 
          "title": "Log in", 
          "url": "https://climate-adapt.eea.europa.eu/login"
        }
      ]
    }, 
    "aliases": {
      "@id": "https://climate-adapt.eea.europa.eu/observatory-organisations/@aliases"
    }, 
    "breadcrumbs": {
      "@id": "https://climate-adapt.eea.europa.eu/observatory-organisations/@breadcrumbs", 
      "items": [
        {
          "@id": "https://climate-adapt.eea.europa.eu/observatory-organisations", 
          "portal_type": "Collection", 
          "title": "Observatory organisations"
        }
      ], 
      "root": "https://climate-adapt.eea.europa.eu"
    }, 
    "contextnavigation": {
      "@id": "https://climate-adapt.eea.europa.eu/observatory-organisations/@contextnavigation"
    }, 
    "layout": {
      "@id": "https://climate-adapt.eea.europa.eu/observatory-organisations/@layout"
    }, 
    "navigation": {
      "@id": "https://climate-adapt.eea.europa.eu/observatory-organisations/@navigation", 
      "items": []
    }, 
    "navroot": {
      "@id": "https://climate-adapt.eea.europa.eu/observatory-organisations/@navroot", 
      "navroot": {
        "@id": "https://climate-adapt.eea.europa.eu", 
        "@type": "Plone Site", 
        "description": "", 
        "title": "Climate-ADAPT", 
        "type_title": "Plone Site"
      }
    }, 
    "physical-breadcrumbs": {
      "@id": "https://climate-adapt.eea.europa.eu/observatory-organisations/@physical-breadcrumbs"
    }, 
    "siblings": {
      "@id": "https://climate-adapt.eea.europa.eu/observatory-organisations/@siblings"
    }, 
    "subsite": {}, 
    "translations": {
      "@id": "https://climate-adapt.eea.europa.eu/observatory-organisations/@translations"
    }, 
    "types": {
      "@id": "https://climate-adapt.eea.europa.eu/observatory-organisations/@types"
    }, 
    "workflow": {
      "@id": "https://climate-adapt.eea.europa.eu/observatory-organisations/@workflow", 
      "history": [], 
      "state": {
        "id": "published", 
        "title": "Published"
      }, 
      "transitions": []
    }
  }, 
  "@id": "https://climate-adapt.eea.europa.eu/++api++/en/observatory-organisations?expand=translations%2Cbreadcrumbs%2Cactions%2Cnavroot%2Cnavigation%2Csubsite%2Cworkflow&expand.navigation.depth=3", 
  "@type": "Collection", 
  "UID": "7059447758034ade9411d5873f0d25cc", 
  "allow_discussion": false, 
  "batching": {
    "@id": "https://climate-adapt.eea.europa.eu/++api++/en/observatory-organisations?expand=translations%2Cbreadcrumbs%2Cactions%2Cnavroot%2Cnavigation%2Csubsite%2Cworkflow&expand.navigation.depth=3", 
    "first": "https://climate-adapt.eea.europa.eu/++api++/en/observatory-organisations?b_start=0&expand=translations%2Cbreadcrumbs%2Cactions%2Cnavroot%2Cnavigation%2Csubsite%2Cworkflow&expand.navigation.depth=3", 
    "last": "https://climate-adapt.eea.europa.eu/++api++/en/observatory-organisations?b_start=275&expand=translations%2Cbreadcrumbs%2Cactions%2Cnavroot%2Cnavigation%2Csubsite%2Cworkflow&expand.navigation.depth=3", 
    "next": "https://climate-adapt.eea.europa.eu/++api++/en/observatory-organisations?b_start=25&expand=translations%2Cbreadcrumbs%2Cactions%2Cnavroot%2Cnavigation%2Csubsite%2Cworkflow&expand.navigation.depth=3"
  }, 
  "blocks": {}, 
  "blocks_layout": {
    "items": []
  }, 
  "contributors": [], 
  "created": "2020-11-25T15:16:29+00:00", 
  "creators": [
    "tiberich", 
    "fussehan", 
    "krisztina", 
    "eugentripon"
  ], 
  "customViewFields": [
    {
      "title": "Title", 
      "token": "Title"
    }, 
    {
      "title": "Creator", 
      "token": "Creator"
    }, 
    {
      "title": "Type", 
      "token": "Type"
    }, 
    {
      "title": "Last modified", 
      "token": "ModificationDate"
    }
  ], 
  "description": "", 
  "effective": "2021-01-12T17:28:00+00:00", 
  "exclude_from_nav": false, 
  "expires": null, 
  "id": "observatory-organisations", 
  "is_folderish": false, 
  "item_count": 100, 
  "items": [
    {
      "@id": "https://climate-adapt.eea.europa.eu/en/metadata/organisations/international-organization-for-migration", 
      "@type": "eea.climateadapt.organisation", 
      "description": "", 
      "effective": "2025-08-26T10:18:09+00:00", 
      "end": null, 
      "getObjSize": "67.2 KB", 
      "head_title": null, 
      "image_field": "", 
      "image_scales": {
        "logo": [
          {
            "content-type": "image/png", 
            "download": "@@images/logo-1115-91c98f7625d6347a0eff9c777b5989a1.png", 
            "filename": "IOM-Visibiliy_Logo_PRIM_BLUE_RGB-EN.png", 
            "height": 420, 
            "scales": {
              "big": {
                "download": "@@images/logo-80-3ffb4ef0d0fb9397cf66dd84f7e30217.png", 
                "height": 30, 
                "width": 80
              }, 
              "icon": {
                "download": "@@images/logo-32-9689f29195b94af4c53227d0dbd79c0f.png", 
                "height": 12, 
                "width": 32
              }, 
              "large": {
                "download": "@@images/logo-800-2204974d3a122834b49fa9ebcf417a84.png", 
                "height": 301, 
                "width": 800
              }, 
              "larger": {
                "download": "@@images/logo-1000-afa7322f4c5fa2ae08ab22fef8efffad.png", 
                "height": 376, 
                "width": 1000
              }, 
              "medium": {
                "download": "@@images/logo-60-408a72211ba57e9c85c1de81cade1a6d.png", 
                "height": 22, 
                "width": 60
              }, 
              "mini": {
                "download": "@@images/logo-200-a1971638f95e61c03a532450e1d9eb35.png", 
                "height": 75, 
                "width": 200
              }, 
              "preview": {
                "download": "@@images/logo-400-b3914e2b3e7cee9d6311357e491d1727.png", 
                "height": 150, 
                "width": 400
              }, 
              "small": {
                "download": "@@images/logo-48-57f4f3ca34ec01527f7ea2098d9f31a3.png", 
                "height": 18, 
                "width": 48
              }, 
              "teaser": {
                "download": "@@images/logo-600-f4ebe7e4075619d5640f5465cf0c2df5.png", 
                "height": 226, 
                "width": 600
              }, 
              "thumb": {
                "download": "@@images/logo-128-d3b68db1faf3f67eb4611b01d6610dd4.png", 
                "height": 48, 
                "width": 128
              }, 
              "tile": {
                "download": "@@images/logo-64-1e28997115191bb87166a4395f719b18.png", 
                "height": 24, 
                "width": 64
              }, 
              "tiny": {
                "download": "@@images/logo-24-ca859f93d91bab9c676ba9196247502b.png", 
                "height": 9, 
                "width": 24
              }
            }, 
            "size": 64481, 
            "width": 1115
          }
        ]
      }, 
      "mime_type": "message/rfc822", 
      "nav_title": null, 
      "review_state": "published", 
      "start": null, 
      "title": "International Organization for Migration", 
      "type_title": "Organisation"
    }, 
    {
      "@id": "https://climate-adapt.eea.europa.eu/sk/metadata/organisations/international-organization-for-migration", 
      "@type": "eea.climateadapt.organisation", 
      "description": "", 
      "effective": "2025-08-26T10:18:09+00:00", 
      "end": null, 
      "getObjSize": "4.7 KB", 
      "head_title": null, 
      "image_field": "", 
      "image_scales": {
        "logo": [
          {
            "content-type": "image/png", 
            "download": "@@images/logo-1115-91c98f7625d6347a0eff9c777b5989a1.png", 
            "filename": "IOM-Visibiliy_Logo_PRIM_BLUE_RGB-EN.png", 
            "height": 420, 
            "scales": {
              "big": {
                "download": "@@images/logo-80-3ffb4ef0d0fb9397cf66dd84f7e30217.png", 
                "height": 30, 
                "width": 80
              }, 
              "icon": {
                "download": "@@images/logo-32-9689f29195b94af4c53227d0dbd79c0f.png", 
                "height": 12, 
                "width": 32
              }, 
              "large": {
                "download": "@@images/logo-800-2204974d3a122834b49fa9ebcf417a84.png", 
                "height": 301, 
                "width": 800
              }, 
              "larger": {
                "download": "@@images/logo-1000-afa7322f4c5fa2ae08ab22fef8efffad.png", 
                "height": 376, 
                "width": 1000
              }, 
              "medium": {
                "download": "@@images/logo-60-408a72211ba57e9c85c1de81cade1a6d.png", 
                "height": 22, 
                "width": 60
              }, 
              "mini": {
                "download": "@@images/logo-200-a1971638f95e61c03a532450e1d9eb35.png", 
                "height": 75, 
                "width": 200
              }, 
              "preview": {
                "download": "@@images/logo-400-b3914e2b3e7cee9d6311357e491d1727.png", 
                "height": 150, 
                "width": 400
              }, 
              "small": {
                "download": "@@images/logo-48-57f4f3ca34ec01527f7ea2098d9f31a3.png", 
                "height": 18, 
                "width": 48
              }, 
              "teaser": {
                "download": "@@images/logo-600-f4ebe7e4075619d5640f5465cf0c2df5.png", 
                "height": 226, 
                "width": 600
              }, 
              "thumb": {
                "download": "@@images/logo-128-d3b68db1faf3f67eb4611b01d6610dd4.png", 
                "height": 48, 
                "width": 128
              }, 
              "tile": {
                "download": "@@images/logo-64-1e28997115191bb87166a4395f719b18.png", 
                "height": 24, 
                "width": 64
              }, 
              "tiny": {
                "download": "@@images/logo-24-ca859f93d91bab9c676ba9196247502b.png", 
                "height": 9, 
                "width": 24
              }
            }, 
            "size": 64481, 
            "width": 1115
          }
        ]
      }, 
      "mime_type": "message/rfc822", 
      "nav_title": null, 
      "review_state": "published", 
      "start": null, 
      "title": "Medzin\u00e1rodn\u00e1 organiz\u00e1cia pre migr\u00e1ciu", 
      "type_title": "Organisation"
    }, 
    {
      "@id": "https://climate-adapt.eea.europa.eu/tr/metadata/organisations/international-organization-for-migration", 
      "@type": "eea.climateadapt.organisation", 
      "description": "", 
      "effective": "2025-08-26T10:18:09+00:00", 
      "end": null, 
      "getObjSize": "4.5 KB", 
      "head_title": null, 
      "image_field": "", 
      "image_scales": {
        "logo": [
          {
            "content-type": "image/png", 
            "download": "@@images/logo-1115-91c98f7625d6347a0eff9c777b5989a1.png", 
            "filename": "IOM-Visibiliy_Logo_PRIM_BLUE_RGB-EN.png", 
            "height": 420, 
            "scales": {
              "big": {
                "download": "@@images/logo-80-3ffb4ef0d0fb9397cf66dd84f7e30217.png", 
                "height": 30, 
                "width": 80
              }, 
              "icon": {
                "download": "@@images/logo-32-9689f29195b94af4c53227d0dbd79c0f.png", 
                "height": 12, 
                "width": 32
              }, 
              "large": {
                "download": "@@images/logo-800-2204974d3a122834b49fa9ebcf417a84.png", 
                "height": 301, 
                "width": 800
              }, 
              "larger": {
                "download": "@@images/logo-1000-afa7322f4c5fa2ae08ab22fef8efffad.png", 
                "height": 376, 
                "width": 1000
              }, 
              "medium": {
                "download": "@@images/logo-60-408a72211ba57e9c85c1de81cade1a6d.png", 
                "height": 22, 
                "width": 60
              }, 
              "mini": {
                "download": "@@images/logo-200-a1971638f95e61c03a532450e1d9eb35.png", 
                "height": 75, 
                "width": 200
              }, 
              "preview": {
                "download": "@@images/logo-400-b3914e2b3e7cee9d6311357e491d1727.png", 
                "height": 150, 
                "width": 400
              }, 
              "small": {
                "download": "@@images/logo-48-57f4f3ca34ec01527f7ea2098d9f31a3.png", 
                "height": 18, 
                "width": 48
              }, 
              "teaser": {
                "download": "@@images/logo-600-f4ebe7e4075619d5640f5465cf0c2df5.png", 
                "height": 226, 
                "width": 600
              }, 
              "thumb": {
                "download": "@@images/logo-128-d3b68db1faf3f67eb4611b01d6610dd4.png", 
                "height": 48, 
                "width": 128
              }, 
              "tile": {
                "download": "@@images/logo-64-1e28997115191bb87166a4395f719b18.png", 
                "height": 24, 
                "width": 64
              }, 
              "tiny": {
                "download": "@@images/logo-24-ca859f93d91bab9c676ba9196247502b.png", 
                "height": 9, 
                "width": 24
              }
            }, 
            "size": 64481, 
            "width": 1115
          }
        ]
      }, 
      "mime_type": "message/rfc822", 
      "nav_title": null, 
      "review_state": "published", 
      "start": null, 
      "title": "Uluslararas\u0131 G\u00f6\u00e7 \u00d6rg\u00fct\u00fc", 
      "type_title": "Organisation"
    }, 
    {
      "@id": "https://climate-adapt.eea.europa.eu/lt/metadata/organisations/international-organization-for-migration", 
      "@type": "eea.climateadapt.organisation", 
      "description": "", 
      "effective": "2025-08-26T10:18:09+00:00", 
      "end": null, 
      "getObjSize": "4.7 KB", 
      "head_title": null, 
      "image_field": "", 
      "image_scales": {
        "logo": [
          {
            "content-type": "image/png", 
            "download": "@@images/logo-1115-91c98f7625d6347a0eff9c777b5989a1.png", 
            "filename": "IOM-Visibiliy_Logo_PRIM_BLUE_RGB-EN.png", 
            "height": 420, 
            "scales": {
              "big": {
                "download": "@@images/logo-80-3ffb4ef0d0fb9397cf66dd84f7e30217.png", 
                "height": 30, 
                "width": 80
              }, 
              "icon": {
                "download": "@@images/logo-32-9689f29195b94af4c53227d0dbd79c0f.png", 
                "height": 12, 
                "width": 32
              }, 
              "large": {
                "download": "@@images/logo-800-2204974d3a122834b49fa9ebcf417a84.png", 
                "height": 301, 
                "width": 800
              }, 
              "larger": {
                "download": "@@images/logo-1000-afa7322f4c5fa2ae08ab22fef8efffad.png", 
                "height": 376, 
                "width": 1000
              }, 
              "medium": {
                "download": "@@images/logo-60-408a72211ba57e9c85c1de81cade1a6d.png", 
                "height": 22, 
                "width": 60
              }, 
              "mini": {
                "download": "@@images/logo-200-a1971638f95e61c03a532450e1d9eb35.png", 
                "height": 75, 
                "width": 200
              }, 
              "preview": {
                "download": "@@images/logo-400-b3914e2b3e7cee9d6311357e491d1727.png", 
                "height": 150, 
                "width": 400
              }, 
              "small": {
                "download": "@@images/logo-48-57f4f3ca34ec01527f7ea2098d9f31a3.png", 
                "height": 18, 
                "width": 48
              }, 
              "teaser": {
                "download": "@@images/logo-600-f4ebe7e4075619d5640f5465cf0c2df5.png", 
                "height": 226, 
                "width": 600
              }, 
              "thumb": {
                "download": "@@images/logo-128-d3b68db1faf3f67eb4611b01d6610dd4.png", 
                "height": 48, 
                "width": 128
              }, 
              "tile": {
                "download": "@@images/logo-64-1e28997115191bb87166a4395f719b18.png", 
                "height": 24, 
                "width": 64
              }, 
              "tiny": {
                "download": "@@images/logo-24-ca859f93d91bab9c676ba9196247502b.png", 
                "height": 9, 
                "width": 24
              }
            }, 
            "size": 64481, 
            "width": 1115
          }
        ]
      }, 
      "mime_type": "message/rfc822", 
      "nav_title": null, 
      "review_state": "published", 
      "start": null, 
      "title": "Tarptautin\u0117 migracijos organizacija", 
      "type_title": "Organisation"
    }, 
    {
      "@id": "https://climate-adapt.eea.europa.eu/et/metadata/organisations/international-organization-for-migration", 
      "@type": "eea.climateadapt.organisation", 
      "description": "", 
      "effective": "2025-08-26T10:18:09+00:00", 
      "end": null, 
      "getObjSize": "4.6 KB", 
      "head_title": null, 
      "image_field": "", 
      "image_scales": {
        "logo": [
          {
            "content-type": "image/png", 
            "download": "@@images/logo-1115-91c98f7625d6347a0eff9c777b5989a1.png", 
            "filename": "IOM-Visibiliy_Logo_PRIM_BLUE_RGB-EN.png", 
            "height": 420, 
            "scales": {
              "big": {
                "download": "@@images/logo-80-3ffb4ef0d0fb9397cf66dd84f7e30217.png", 
                "height": 30, 
                "width": 80
              }, 
              "icon": {
                "download": "@@images/logo-32-9689f29195b94af4c53227d0dbd79c0f.png", 
                "height": 12, 
                "width": 32
              }, 
              "large": {
                "download": "@@images/logo-800-2204974d3a122834b49fa9ebcf417a84.png", 
                "height": 301, 
                "width": 800
              }, 
              "larger": {
                "download": "@@images/logo-1000-afa7322f4c5fa2ae08ab22fef8efffad.png", 
                "height": 376, 
                "width": 1000
              }, 
              "medium": {
                "download": "@@images/logo-60-408a72211ba57e9c85c1de81cade1a6d.png", 
                "height": 22, 
                "width": 60
              }, 
              "mini": {
                "download": "@@images/logo-200-a1971638f95e61c03a532450e1d9eb35.png", 
                "height": 75, 
                "width": 200
              }, 
              "preview": {
                "download": "@@images/logo-400-b3914e2b3e7cee9d6311357e491d1727.png", 
                "height": 150, 
                "width": 400
              }, 
              "small": {
                "download": "@@images/logo-48-57f4f3ca34ec01527f7ea2098d9f31a3.png", 
                "height": 18, 
                "width": 48
              }, 
              "teaser": {
                "download": "@@images/logo-600-f4ebe7e4075619d5640f5465cf0c2df5.png", 
                "height": 226, 
                "width": 600
              }, 
              "thumb": {
                "download": "@@images/logo-128-d3b68db1faf3f67eb4611b01d6610dd4.png", 
                "height": 48, 
                "width": 128
              }, 
              "tile": {
                "download": "@@images/logo-64-1e28997115191bb87166a4395f719b18.png", 
                "height": 24, 
                "width": 64
              }, 
              "tiny": {
                "download": "@@images/logo-24-ca859f93d91bab9c676ba9196247502b.png", 
                "height": 9, 
                "width": 24
              }
            }, 
            "size": 64481, 
            "width": 1115
          }
        ]
      }, 
      "mime_type": "message/rfc822", 
      "nav_title": null, 
      "review_state": "published", 
      "start": null, 
      "title": "Rahvusvaheline Migratsiooniorganisatsioon", 
      "type_title": "Organisation"
    }, 
    {
      "@id": "https://climate-adapt.eea.europa.eu/lv/metadata/organisations/international-organization-for-migration", 
      "@type": "eea.climateadapt.organisation", 
      "description": "", 
      "effective": "2025-08-26T10:18:09+00:00", 
      "end": null, 
      "getObjSize": "4.6 KB", 
      "head_title": null, 
      "image_field": "", 
      "image_scales": {
        "logo": [
          {
            "content-type": "image/png", 
            "download": "@@images/logo-1115-91c98f7625d6347a0eff9c777b5989a1.png", 
            "filename": "IOM-Visibiliy_Logo_PRIM_BLUE_RGB-EN.png", 
            "height": 420, 
            "scales": {
              "big": {
                "download": "@@images/logo-80-3ffb4ef0d0fb9397cf66dd84f7e30217.png", 
                "height": 30, 
                "width": 80
              }, 
              "icon": {
                "download": "@@images/logo-32-9689f29195b94af4c53227d0dbd79c0f.png", 
                "height": 12, 
                "width": 32
              }, 
              "large": {
                "download": "@@images/logo-800-2204974d3a122834b49fa9ebcf417a84.png", 
                "height": 301, 
                "width": 800
              }, 
              "larger": {
                "download": "@@images/logo-1000-afa7322f4c5fa2ae08ab22fef8efffad.png", 
                "height": 376, 
                "width": 1000
              }, 
              "medium": {
                "download": "@@images/logo-60-408a72211ba57e9c85c1de81cade1a6d.png", 
                "height": 22, 
                "width": 60
              }, 
              "mini": {
                "download": "@@images/logo-200-a1971638f95e61c03a532450e1d9eb35.png", 
                "height": 75, 
                "width": 200
              }, 
              "preview": {
                "download": "@@images/logo-400-b3914e2b3e7cee9d6311357e491d1727.png", 
                "height": 150, 
                "width": 400
              }, 
              "small": {
                "download": "@@images/logo-48-57f4f3ca34ec01527f7ea2098d9f31a3.png", 
                "height": 18, 
                "width": 48
              }, 
              "teaser": {
                "download": "@@images/logo-600-f4ebe7e4075619d5640f5465cf0c2df5.png", 
                "height": 226, 
                "width": 600
              }, 
              "thumb": {
                "download": "@@images/logo-128-d3b68db1faf3f67eb4611b01d6610dd4.png", 
                "height": 48, 
                "width": 128
              }, 
              "tile": {
                "download": "@@images/logo-64-1e28997115191bb87166a4395f719b18.png", 
                "height": 24, 
                "width": 64
              }, 
              "tiny": {
                "download": "@@images/logo-24-ca859f93d91bab9c676ba9196247502b.png", 
                "height": 9, 
                "width": 24
              }
            }, 
            "size": 64481, 
            "width": 1115
          }
        ]
      }, 
      "mime_type": "message/rfc822", 
      "nav_title": null, 
      "review_state": "published", 
      "start": null, 
      "title": "Starptautisk\u0101 Migr\u0101cijas organiz\u0101cija", 
      "type_title": "Organisation"
    }, 
    {
      "@id": "https://climate-adapt.eea.europa.eu/cs/metadata/organisations/international-organization-for-migration", 
      "@type": "eea.climateadapt.organisation", 
      "description": "", 
      "effective": "2025-08-26T10:18:09+00:00", 
      "end": null, 
      "getObjSize": "4.6 KB", 
      "head_title": null, 
      "image_field": "", 
      "image_scales": {
        "logo": [
          {
            "content-type": "image/png", 
            "download": "@@images/logo-1115-91c98f7625d6347a0eff9c777b5989a1.png", 
            "filename": "IOM-Visibiliy_Logo_PRIM_BLUE_RGB-EN.png", 
            "height": 420, 
            "scales": {
              "big": {
                "download": "@@images/logo-80-3ffb4ef0d0fb9397cf66dd84f7e30217.png", 
                "height": 30, 
                "width": 80
              }, 
              "icon": {
                "download": "@@images/logo-32-9689f29195b94af4c53227d0dbd79c0f.png", 
                "height": 12, 
                "width": 32
              }, 
              "large": {
                "download": "@@images/logo-800-2204974d3a122834b49fa9ebcf417a84.png", 
                "height": 301, 
                "width": 800
              }, 
              "larger": {
                "download": "@@images/logo-1000-afa7322f4c5fa2ae08ab22fef8efffad.png", 
                "height": 376, 
                "width": 1000
              }, 
              "medium": {
                "download": "@@images/logo-60-408a72211ba57e9c85c1de81cade1a6d.png", 
                "height": 22, 
                "width": 60
              }, 
              "mini": {
                "download": "@@images/logo-200-a1971638f95e61c03a532450e1d9eb35.png", 
                "height": 75, 
                "width": 200
              }, 
              "preview": {
                "download": "@@images/logo-400-b3914e2b3e7cee9d6311357e491d1727.png", 
                "height": 150, 
                "width": 400
              }, 
              "small": {
                "download": "@@images/logo-48-57f4f3ca34ec01527f7ea2098d9f31a3.png", 
                "height": 18, 
                "width": 48
              }, 
              "teaser": {
                "download": "@@images/logo-600-f4ebe7e4075619d5640f5465cf0c2df5.png", 
                "height": 226, 
                "width": 600
              }, 
              "thumb": {
                "download": "@@images/logo-128-d3b68db1faf3f67eb4611b01d6610dd4.png", 
                "height": 48, 
                "width": 128
              }, 
              "tile": {
                "download": "@@images/logo-64-1e28997115191bb87166a4395f719b18.png", 
                "height": 24, 
                "width": 64
              }, 
              "tiny": {
                "download": "@@images/logo-24-ca859f93d91bab9c676ba9196247502b.png", 
                "height": 9, 
                "width": 24
              }
            }, 
            "size": 64481, 
            "width": 1115
          }
        ]
      }, 
      "mime_type": "message/rfc822", 
      "nav_title": null, 
      "review_state": "published", 
      "start": null, 
      "title": "Mezin\u00e1rodn\u00ed organizace pro migraci", 
      "type_title": "Organisation"
    }, 
    {
      "@id": "https://climate-adapt.eea.europa.eu/hu/metadata/organisations/international-organization-for-migration", 
      "@type": "eea.climateadapt.organisation", 
      "description": "", 
      "effective": "2025-08-26T10:18:09+00:00", 
      "end": null, 
      "getObjSize": "5.2 KB", 
      "head_title": null, 
      "image_field": "", 
      "image_scales": {
        "logo": [
          {
            "content-type": "image/png", 
            "download": "@@images/logo-1115-91c98f7625d6347a0eff9c777b5989a1.png", 
            "filename": "IOM-Visibiliy_Logo_PRIM_BLUE_RGB-EN.png", 
            "height": 420, 
            "scales": {
              "big": {
                "download": "@@images/logo-80-3ffb4ef0d0fb9397cf66dd84f7e30217.png", 
                "height": 30, 
                "width": 80
              }, 
              "icon": {
                "download": "@@images/logo-32-9689f29195b94af4c53227d0dbd79c0f.png", 
                "height": 12, 
                "width": 32
              }, 
              "large": {
                "download": "@@images/logo-800-2204974d3a122834b49fa9ebcf417a84.png", 
                "height": 301, 
                "width": 800
              }, 
              "larger": {
                "download": "@@images/logo-1000-afa7322f4c5fa2ae08ab22fef8efffad.png", 
                "height": 376, 
                "width": 1000
              }, 
              "medium": {
                "download": "@@images/logo-60-408a72211ba57e9c85c1de81cade1a6d.png", 
                "height": 22, 
                "width": 60
              }, 
              "mini": {
                "download": "@@images/logo-200-a1971638f95e61c03a532450e1d9eb35.png", 
                "height": 75, 
                "width": 200
              }, 
              "preview": {
                "download": "@@images/logo-400-b3914e2b3e7cee9d6311357e491d1727.png", 
                "height": 150, 
                "width": 400
              }, 
              "small": {
                "download": "@@images/logo-48-57f4f3ca34ec01527f7ea2098d9f31a3.png", 
                "height": 18, 
                "width": 48
              }, 
              "teaser": {
                "download": "@@images/logo-600-f4ebe7e4075619d5640f5465cf0c2df5.png", 
                "height": 226, 
                "width": 600
              }, 
              "thumb": {
                "download": "@@images/logo-128-d3b68db1faf3f67eb4611b01d6610dd4.png", 
                "height": 48, 
                "width": 128
              }, 
              "tile": {
                "download": "@@images/logo-64-1e28997115191bb87166a4395f719b18.png", 
                "height": 24, 
                "width": 64
              }, 
              "tiny": {
                "download": "@@images/logo-24-ca859f93d91bab9c676ba9196247502b.png", 
                "height": 9, 
                "width": 24
              }
            }, 
            "size": 64481, 
            "width": 1115
          }
        ]
      }, 
      "mime_type": "message/rfc822", 
      "nav_title": null, 
      "review_state": "published", 
      "start": null, 
      "title": "Nemzetk\u00f6zi Migr\u00e1ci\u00f3s Szervezet", 
      "type_title": "Organisation"
    }, 
    {
      "@id": "https://climate-adapt.eea.europa.eu/mt/metadata/organisations/international-organization-for-migration", 
      "@type": "eea.climateadapt.organisation", 
      "description": "", 
      "effective": "2025-08-26T10:18:09+00:00", 
      "end": null, 
      "getObjSize": "4.8 KB", 
      "head_title": null, 
      "image_field": "", 
      "image_scales": {
        "logo": [
          {
            "content-type": "image/png", 
            "download": "@@images/logo-1115-91c98f7625d6347a0eff9c777b5989a1.png", 
            "filename": "IOM-Visibiliy_Logo_PRIM_BLUE_RGB-EN.png", 
            "height": 420, 
            "scales": {
              "big": {
                "download": "@@images/logo-80-3ffb4ef0d0fb9397cf66dd84f7e30217.png", 
                "height": 30, 
                "width": 80
              }, 
              "icon": {
                "download": "@@images/logo-32-9689f29195b94af4c53227d0dbd79c0f.png", 
                "height": 12, 
                "width": 32
              }, 
              "large": {
                "download": "@@images/logo-800-2204974d3a122834b49fa9ebcf417a84.png", 
                "height": 301, 
                "width": 800
              }, 
              "larger": {
                "download": "@@images/logo-1000-afa7322f4c5fa2ae08ab22fef8efffad.png", 
                "height": 376, 
                "width": 1000
              }, 
              "medium": {
                "download": "@@images/logo-60-408a72211ba57e9c85c1de81cade1a6d.png", 
                "height": 22, 
                "width": 60
              }, 
              "mini": {
                "download": "@@images/logo-200-a1971638f95e61c03a532450e1d9eb35.png", 
                "height": 75, 
                "width": 200
              }, 
              "preview": {
                "download": "@@images/logo-400-b3914e2b3e7cee9d6311357e491d1727.png", 
                "height": 150, 
                "width": 400
              }, 
              "small": {
                "download": "@@images/logo-48-57f4f3ca34ec01527f7ea2098d9f31a3.png", 
                "height": 18, 
                "width": 48
              }, 
              "teaser": {
                "download": "@@images/logo-600-f4ebe7e4075619d5640f5465cf0c2df5.png", 
                "height": 226, 
                "width": 600
              }, 
              "thumb": {
                "download": "@@images/logo-128-d3b68db1faf3f67eb4611b01d6610dd4.png", 
                "height": 48, 
                "width": 128
              }, 
              "tile": {
                "download": "@@images/logo-64-1e28997115191bb87166a4395f719b18.png", 
                "height": 24, 
                "width": 64
              }, 
              "tiny": {
                "download": "@@images/logo-24-ca859f93d91bab9c676ba9196247502b.png", 
                "height": 9, 
                "width": 24
              }
            }, 
            "size": 64481, 
            "width": 1115
          }
        ]
      }, 
      "mime_type": "message/rfc822", 
      "nav_title": null, 
      "review_state": "published", 
      "start": null, 
      "title": "Organizzazzjoni Internazzjonali g\u0127all-Migrazzjoni", 
      "type_title": "Organisation"
    }, 
    {
      "@id": "https://climate-adapt.eea.europa.eu/pt/metadata/organisations/international-organization-for-migration", 
      "@type": "eea.climateadapt.organisation", 
      "description": "", 
      "effective": "2025-08-26T10:18:09+00:00", 
      "end": null, 
      "getObjSize": "4.7 KB", 
      "head_title": null, 
      "image_field": "", 
      "image_scales": {
        "logo": [
          {
            "content-type": "image/png", 
            "download": "@@images/logo-1115-91c98f7625d6347a0eff9c777b5989a1.png", 
            "filename": "IOM-Visibiliy_Logo_PRIM_BLUE_RGB-EN.png", 
            "height": 420, 
            "scales": {
              "big": {
                "download": "@@images/logo-80-3ffb4ef0d0fb9397cf66dd84f7e30217.png", 
                "height": 30, 
                "width": 80
              }, 
              "icon": {
                "download": "@@images/logo-32-9689f29195b94af4c53227d0dbd79c0f.png", 
                "height": 12, 
                "width": 32
              }, 
              "large": {
                "download": "@@images/logo-800-2204974d3a122834b49fa9ebcf417a84.png", 
                "height": 301, 
                "width": 800
              }, 
              "larger": {
                "download": "@@images/logo-1000-afa7322f4c5fa2ae08ab22fef8efffad.png", 
                "height": 376, 
                "width": 1000
              }, 
              "medium": {
                "download": "@@images/logo-60-408a72211ba57e9c85c1de81cade1a6d.png", 
                "height": 22, 
                "width": 60
              }, 
              "mini": {
                "download": "@@images/logo-200-a1971638f95e61c03a532450e1d9eb35.png", 
                "height": 75, 
                "width": 200
              }, 
              "preview": {
                "download": "@@images/logo-400-b3914e2b3e7cee9d6311357e491d1727.png", 
                "height": 150, 
                "width": 400
              }, 
              "small": {
                "download": "@@images/logo-48-57f4f3ca34ec01527f7ea2098d9f31a3.png", 
                "height": 18, 
                "width": 48
              }, 
              "teaser": {
                "download": "@@images/logo-600-f4ebe7e4075619d5640f5465cf0c2df5.png", 
                "height": 226, 
                "width": 600
              }, 
              "thumb": {
                "download": "@@images/logo-128-d3b68db1faf3f67eb4611b01d6610dd4.png", 
                "height": 48, 
                "width": 128
              }, 
              "tile": {
                "download": "@@images/logo-64-1e28997115191bb87166a4395f719b18.png", 
                "height": 24, 
                "width": 64
              }, 
              "tiny": {
                "download": "@@images/logo-24-ca859f93d91bab9c676ba9196247502b.png", 
                "height": 9, 
                "width": 24
              }
            }, 
            "size": 64481, 
            "width": 1115
          }
        ]
      }, 
      "mime_type": "message/rfc822", 
      "nav_title": null, 
      "review_state": "published", 
      "start": null, 
      "title": "Organiza\u00e7\u00e3o Internacional para as Migra\u00e7\u00f5es", 
      "type_title": "Organisation"
    }, 
    {
      "@id": "https://climate-adapt.eea.europa.eu/sl/metadata/organisations/international-organization-for-migration", 
      "@type": "eea.climateadapt.organisation", 
      "description": "", 
      "effective": "2025-08-26T10:18:09+00:00", 
      "end": null, 
      "getObjSize": "4.5 KB", 
      "head_title": null, 
      "image_field": "", 
      "image_scales": {
        "logo": [
          {
            "content-type": "image/png", 
            "download": "@@images/logo-1115-91c98f7625d6347a0eff9c777b5989a1.png", 
            "filename": "IOM-Visibiliy_Logo_PRIM_BLUE_RGB-EN.png", 
            "height": 420, 
            "scales": {
              "big": {
                "download": "@@images/logo-80-3ffb4ef0d0fb9397cf66dd84f7e30217.png", 
                "height": 30, 
                "width": 80
              }, 
              "icon": {
                "download": "@@images/logo-32-9689f29195b94af4c53227d0dbd79c0f.png", 
                "height": 12, 
                "width": 32
              }, 
              "large": {
                "download": "@@images/logo-800-2204974d3a122834b49fa9ebcf417a84.png", 
                "height": 301, 
                "width": 800
              }, 
              "larger": {
                "download": "@@images/logo-1000-afa7322f4c5fa2ae08ab22fef8efffad.png", 
                "height": 376, 
                "width": 1000
              }, 
              "medium": {
                "download": "@@images/logo-60-408a72211ba57e9c85c1de81cade1a6d.png", 
                "height": 22, 
                "width": 60
              }, 
              "mini": {
                "download": "@@images/logo-200-a1971638f95e61c03a532450e1d9eb35.png", 
                "height": 75, 
                "width": 200
              }, 
              "preview": {
                "download": "@@images/logo-400-b3914e2b3e7cee9d6311357e491d1727.png", 
                "height": 150, 
                "width": 400
              }, 
              "small": {
                "download": "@@images/logo-48-57f4f3ca34ec01527f7ea2098d9f31a3.png", 
                "height": 18, 
                "width": 48
              }, 
              "teaser": {
                "download": "@@images/logo-600-f4ebe7e4075619d5640f5465cf0c2df5.png", 
                "height": 226, 
                "width": 600
              }, 
              "thumb": {
                "download": "@@images/logo-128-d3b68db1faf3f67eb4611b01d6610dd4.png", 
                "height": 48, 
                "width": 128
              }, 
              "tile": {
                "download": "@@images/logo-64-1e28997115191bb87166a4395f719b18.png", 
                "height": 24, 
                "width": 64
              }, 
              "tiny": {
                "download": "@@images/logo-24-ca859f93d91bab9c676ba9196247502b.png", 
                "height": 9, 
                "width": 24
              }
            }, 
            "size": 64481, 
            "width": 1115
          }
        ]
      }, 
      "mime_type": "message/rfc822", 
      "nav_title": null, 
      "review_state": "published", 
      "start": null, 
      "title": "Mednarodna organizacija za migracije", 
      "type_title": "Organisation"
    }, 
    {
      "@id": "https://climate-adapt.eea.europa.eu/nl/metadata/organisations/international-organization-for-migration", 
      "@type": "eea.climateadapt.organisation", 
      "description": "", 
      "effective": "2025-08-26T10:18:09+00:00", 
      "end": null, 
      "getObjSize": "4.7 KB", 
      "head_title": null, 
      "image_field": "", 
      "image_scales": {
        "logo": [
          {
            "content-type": "image/png", 
            "download": "@@images/logo-1115-91c98f7625d6347a0eff9c777b5989a1.png", 
            "filename": "IOM-Visibiliy_Logo_PRIM_BLUE_RGB-EN.png", 
            "height": 420, 
            "scales": {
              "big": {
                "download": "@@images/logo-80-3ffb4ef0d0fb9397cf66dd84f7e30217.png", 
                "height": 30, 
                "width": 80
              }, 
              "icon": {
                "download": "@@images/logo-32-9689f29195b94af4c53227d0dbd79c0f.png", 
                "height": 12, 
                "width": 32
              }, 
              "large": {
                "download": "@@images/logo-800-2204974d3a122834b49fa9ebcf417a84.png", 
                "height": 301, 
                "width": 800
              }, 
              "larger": {
                "download": "@@images/logo-1000-afa7322f4c5fa2ae08ab22fef8efffad.png", 
                "height": 376, 
                "width": 1000
              }, 
              "medium": {
                "download": "@@images/logo-60-408a72211ba57e9c85c1de81cade1a6d.png", 
                "height": 22, 
                "width": 60
              }, 
              "mini": {
                "download": "@@images/logo-200-a1971638f95e61c03a532450e1d9eb35.png", 
                "height": 75, 
                "width": 200
              }, 
              "preview": {
                "download": "@@images/logo-400-b3914e2b3e7cee9d6311357e491d1727.png", 
                "height": 150, 
                "width": 400
              }, 
              "small": {
                "download": "@@images/logo-48-57f4f3ca34ec01527f7ea2098d9f31a3.png", 
                "height": 18, 
                "width": 48
              }, 
              "teaser": {
                "download": "@@images/logo-600-f4ebe7e4075619d5640f5465cf0c2df5.png", 
                "height": 226, 
                "width": 600
              }, 
              "thumb": {
                "download": "@@images/logo-128-d3b68db1faf3f67eb4611b01d6610dd4.png", 
                "height": 48, 
                "width": 128
              }, 
              "tile": {
                "download": "@@images/logo-64-1e28997115191bb87166a4395f719b18.png", 
                "height": 24, 
                "width": 64
              }, 
              "tiny": {
                "download": "@@images/logo-24-ca859f93d91bab9c676ba9196247502b.png", 
                "height": 9, 
                "width": 24
              }
            }, 
            "size": 64481, 
            "width": 1115
          }
        ]
      }, 
      "mime_type": "message/rfc822", 
      "nav_title": null, 
      "review_state": "published", 
      "start": null, 
      "title": "Internationale Organisatie voor Migratie", 
      "type_title": "Organisation"
    }, 
    {
      "@id": "https://climate-adapt.eea.europa.eu/is/metadata/organisations/international-organization-for-migration", 
      "@type": "eea.climateadapt.organisation", 
      "description": "", 
      "effective": "2025-08-26T10:18:09+00:00", 
      "end": null, 
      "getObjSize": "4.5 KB", 
      "head_title": null, 
      "image_field": "", 
      "image_scales": {
        "logo": [
          {
            "content-type": "image/png", 
            "download": "@@images/logo-1115-91c98f7625d6347a0eff9c777b5989a1.png", 
            "filename": "IOM-Visibiliy_Logo_PRIM_BLUE_RGB-EN.png", 
            "height": 420, 
            "scales": {
              "big": {
                "download": "@@images/logo-80-3ffb4ef0d0fb9397cf66dd84f7e30217.png", 
                "height": 30, 
                "width": 80
              }, 
              "icon": {
                "download": "@@images/logo-32-9689f29195b94af4c53227d0dbd79c0f.png", 
                "height": 12, 
                "width": 32
              }, 
              "large": {
                "download": "@@images/logo-800-2204974d3a122834b49fa9ebcf417a84.png", 
                "height": 301, 
                "width": 800
              }, 
              "larger": {
                "download": "@@images/logo-1000-afa7322f4c5fa2ae08ab22fef8efffad.png", 
                "height": 376, 
                "width": 1000
              }, 
              "medium": {
                "download": "@@images/logo-60-408a72211ba57e9c85c1de81cade1a6d.png", 
                "height": 22, 
                "width": 60
              }, 
              "mini": {
                "download": "@@images/logo-200-a1971638f95e61c03a532450e1d9eb35.png", 
                "height": 75, 
                "width": 200
              }, 
              "preview": {
                "download": "@@images/logo-400-b3914e2b3e7cee9d6311357e491d1727.png", 
                "height": 150, 
                "width": 400
              }, 
              "small": {
                "download": "@@images/logo-48-57f4f3ca34ec01527f7ea2098d9f31a3.png", 
                "height": 18, 
                "width": 48
              }, 
              "teaser": {
                "download": "@@images/logo-600-f4ebe7e4075619d5640f5465cf0c2df5.png", 
                "height": 226, 
                "width": 600
              }, 
              "thumb": {
                "download": "@@images/logo-128-d3b68db1faf3f67eb4611b01d6610dd4.png", 
                "height": 48, 
                "width": 128
              }, 
              "tile": {
                "download": "@@images/logo-64-1e28997115191bb87166a4395f719b18.png", 
                "height": 24, 
                "width": 64
              }, 
              "tiny": {
                "download": "@@images/logo-24-ca859f93d91bab9c676ba9196247502b.png", 
                "height": 9, 
                "width": 24
              }
            }, 
            "size": 64481, 
            "width": 1115
          }
        ]
      }, 
      "mime_type": "message/rfc822", 
      "nav_title": null, 
      "review_state": "published", 
      "start": null, 
      "title": "Al\u00fej\u00f3\u00f0lega f\u00f3lksflutningastofnunin (International Organization for Migration)", 
      "type_title": "Organisation"
    }, 
    {
      "@id": "https://climate-adapt.eea.europa.eu/sv/metadata/organisations/international-organization-for-migration", 
      "@type": "eea.climateadapt.organisation", 
      "description": "", 
      "effective": "2025-08-26T10:18:09+00:00", 
      "end": null, 
      "getObjSize": "4.5 KB", 
      "head_title": null, 
      "image_field": "", 
      "image_scales": {
        "logo": [
          {
            "content-type": "image/png", 
            "download": "@@images/logo-1115-91c98f7625d6347a0eff9c777b5989a1.png", 
            "filename": "IOM-Visibiliy_Logo_PRIM_BLUE_RGB-EN.png", 
            "height": 420, 
            "scales": {
              "big": {
                "download": "@@images/logo-80-3ffb4ef0d0fb9397cf66dd84f7e30217.png", 
                "height": 30, 
                "width": 80
              }, 
              "icon": {
                "download": "@@images/logo-32-9689f29195b94af4c53227d0dbd79c0f.png", 
                "height": 12, 
                "width": 32
              }, 
              "large": {
                "download": "@@images/logo-800-2204974d3a122834b49fa9ebcf417a84.png", 
                "height": 301, 
                "width": 800
              }, 
              "larger": {
                "download": "@@images/logo-1000-afa7322f4c5fa2ae08ab22fef8efffad.png", 
                "height": 376, 
                "width": 1000
              }, 
              "medium": {
                "download": "@@images/logo-60-408a72211ba57e9c85c1de81cade1a6d.png", 
                "height": 22, 
                "width": 60
              }, 
              "mini": {
                "download": "@@images/logo-200-a1971638f95e61c03a532450e1d9eb35.png", 
                "height": 75, 
                "width": 200
              }, 
              "preview": {
                "download": "@@images/logo-400-b3914e2b3e7cee9d6311357e491d1727.png", 
                "height": 150, 
                "width": 400
              }, 
              "small": {
                "download": "@@images/logo-48-57f4f3ca34ec01527f7ea2098d9f31a3.png", 
                "height": 18, 
                "width": 48
              }, 
              "teaser": {
                "download": "@@images/logo-600-f4ebe7e4075619d5640f5465cf0c2df5.png", 
                "height": 226, 
                "width": 600
              }, 
              "thumb": {
                "download": "@@images/logo-128-d3b68db1faf3f67eb4611b01d6610dd4.png", 
                "height": 48, 
                "width": 128
              }, 
              "tile": {
                "download": "@@images/logo-64-1e28997115191bb87166a4395f719b18.png", 
                "height": 24, 
                "width": 64
              }, 
              "tiny": {
                "download": "@@images/logo-24-ca859f93d91bab9c676ba9196247502b.png", 
                "height": 9, 
                "width": 24
              }
            }, 
            "size": 64481, 
            "width": 1115
          }
        ]
      }, 
      "mime_type": "message/rfc822", 
      "nav_title": null, 
      "review_state": "published", 
      "start": null, 
      "title": "Internationella organisationen f\u00f6r migration", 
      "type_title": "Organisation"
    }, 
    {
      "@id": "https://climate-adapt.eea.europa.eu/da/metadata/organisations/international-organization-for-migration", 
      "@type": "eea.climateadapt.organisation", 
      "description": "", 
      "effective": "2025-08-26T10:18:09+00:00", 
      "end": null, 
      "getObjSize": "4.4 KB", 
      "head_title": null, 
      "image_field": "", 
      "image_scales": {
        "logo": [
          {
            "content-type": "image/png", 
            "download": "@@images/logo-1115-91c98f7625d6347a0eff9c777b5989a1.png", 
            "filename": "IOM-Visibiliy_Logo_PRIM_BLUE_RGB-EN.png", 
            "height": 420, 
            "scales": {
              "big": {
                "download": "@@images/logo-80-3ffb4ef0d0fb9397cf66dd84f7e30217.png", 
                "height": 30, 
                "width": 80
              }, 
              "icon": {
                "download": "@@images/logo-32-9689f29195b94af4c53227d0dbd79c0f.png", 
                "height": 12, 
                "width": 32
              }, 
              "large": {
                "download": "@@images/logo-800-2204974d3a122834b49fa9ebcf417a84.png", 
                "height": 301, 
                "width": 800
              }, 
              "larger": {
                "download": "@@images/logo-1000-afa7322f4c5fa2ae08ab22fef8efffad.png", 
                "height": 376, 
                "width": 1000
              }, 
              "medium": {
                "download": "@@images/logo-60-408a72211ba57e9c85c1de81cade1a6d.png", 
                "height": 22, 
                "width": 60
              }, 
              "mini": {
                "download": "@@images/logo-200-a1971638f95e61c03a532450e1d9eb35.png", 
                "height": 75, 
                "width": 200
              }, 
              "preview": {
                "download": "@@images/logo-400-b3914e2b3e7cee9d6311357e491d1727.png", 
                "height": 150, 
                "width": 400
              }, 
              "small": {
                "download": "@@images/logo-48-57f4f3ca34ec01527f7ea2098d9f31a3.png", 
                "height": 18, 
                "width": 48
              }, 
              "teaser": {
                "download": "@@images/logo-600-f4ebe7e4075619d5640f5465cf0c2df5.png", 
                "height": 226, 
                "width": 600
              }, 
              "thumb": {
                "download": "@@images/logo-128-d3b68db1faf3f67eb4611b01d6610dd4.png", 
                "height": 48, 
                "width": 128
              }, 
              "tile": {
                "download": "@@images/logo-64-1e28997115191bb87166a4395f719b18.png", 
                "height": 24, 
                "width": 64
              }, 
              "tiny": {
                "download": "@@images/logo-24-ca859f93d91bab9c676ba9196247502b.png", 
                "height": 9, 
                "width": 24
              }
            }, 
            "size": 64481, 
            "width": 1115
          }
        ]
      }, 
      "mime_type": "message/rfc822", 
      "nav_title": null, 
      "review_state": "published", 
      "start": null, 
      "title": "Den Internationale Organisation for Migration", 
      "type_title": "Organisation"
    }, 
    {
      "@id": "https://climate-adapt.eea.europa.eu/ro/metadata/organisations/international-organization-for-migration", 
      "@type": "eea.climateadapt.organisation", 
      "description": "", 
      "effective": "2025-08-26T10:18:09+00:00", 
      "end": null, 
      "getObjSize": "4.8 KB", 
      "head_title": null, 
      "image_field": "", 
      "image_scales": {
        "logo": [
          {
            "content-type": "image/png", 
            "download": "@@images/logo-1115-91c98f7625d6347a0eff9c777b5989a1.png", 
            "filename": "IOM-Visibiliy_Logo_PRIM_BLUE_RGB-EN.png", 
            "height": 420, 
            "scales": {
              "big": {
                "download": "@@images/logo-80-3ffb4ef0d0fb9397cf66dd84f7e30217.png", 
                "height": 30, 
                "width": 80
              }, 
              "icon": {
                "download": "@@images/logo-32-9689f29195b94af4c53227d0dbd79c0f.png", 
                "height": 12, 
                "width": 32
              }, 
              "large": {
                "download": "@@images/logo-800-2204974d3a122834b49fa9ebcf417a84.png", 
                "height": 301, 
                "width": 800
              }, 
              "larger": {
                "download": "@@images/logo-1000-afa7322f4c5fa2ae08ab22fef8efffad.png", 
                "height": 376, 
                "width": 1000
              }, 
              "medium": {
                "download": "@@images/logo-60-408a72211ba57e9c85c1de81cade1a6d.png", 
                "height": 22, 
                "width": 60
              }, 
              "mini": {
                "download": "@@images/logo-200-a1971638f95e61c03a532450e1d9eb35.png", 
                "height": 75, 
                "width": 200
              }, 
              "preview": {
                "download": "@@images/logo-400-b3914e2b3e7cee9d6311357e491d1727.png", 
                "height": 150, 
                "width": 400
              }, 
              "small": {
                "download": "@@images/logo-48-57f4f3ca34ec01527f7ea2098d9f31a3.png", 
                "height": 18, 
                "width": 48
              }, 
              "teaser": {
                "download": "@@images/logo-600-f4ebe7e4075619d5640f5465cf0c2df5.png", 
                "height": 226, 
                "width": 600
              }, 
              "thumb": {
                "download": "@@images/logo-128-d3b68db1faf3f67eb4611b01d6610dd4.png", 
                "height": 48, 
                "width": 128
              }, 
              "tile": {
                "download": "@@images/logo-64-1e28997115191bb87166a4395f719b18.png", 
                "height": 24, 
                "width": 64
              }, 
              "tiny": {
                "download": "@@images/logo-24-ca859f93d91bab9c676ba9196247502b.png", 
                "height": 9, 
                "width": 24
              }
            }, 
            "size": 64481, 
            "width": 1115
          }
        ]
      }, 
      "mime_type": "message/rfc822", 
      "nav_title": null, 
      "review_state": "published", 
      "start": null, 
      "title": "Organiza\u021bia Interna\u021bional\u0103 pentru Migra\u021bie", 
      "type_title": "Organisation"
    }, 
    {
      "@id": "https://climate-adapt.eea.europa.eu/ga/metadata/organisations/international-organization-for-migration", 
      "@type": "eea.climateadapt.organisation", 
      "description": "", 
      "effective": "2025-08-26T10:18:09+00:00", 
      "end": null, 
      "getObjSize": "5.0 KB", 
      "head_title": null, 
      "image_field": "", 
      "image_scales": {
        "logo": [
          {
            "content-type": "image/png", 
            "download": "@@images/logo-1115-91c98f7625d6347a0eff9c777b5989a1.png", 
            "filename": "IOM-Visibiliy_Logo_PRIM_BLUE_RGB-EN.png", 
            "height": 420, 
            "scales": {
              "big": {
                "download": "@@images/logo-80-3ffb4ef0d0fb9397cf66dd84f7e30217.png", 
                "height": 30, 
                "width": 80
              }, 
              "icon": {
                "download": "@@images/logo-32-9689f29195b94af4c53227d0dbd79c0f.png", 
                "height": 12, 
                "width": 32
              }, 
              "large": {
                "download": "@@images/logo-800-2204974d3a122834b49fa9ebcf417a84.png", 
                "height": 301, 
                "width": 800
              }, 
              "larger": {
                "download": "@@images/logo-1000-afa7322f4c5fa2ae08ab22fef8efffad.png", 
                "height": 376, 
                "width": 1000
              }, 
              "medium": {
                "download": "@@images/logo-60-408a72211ba57e9c85c1de81cade1a6d.png", 
                "height": 22, 
                "width": 60
              }, 
              "mini": {
                "download": "@@images/logo-200-a1971638f95e61c03a532450e1d9eb35.png", 
                "height": 75, 
                "width": 200
              }, 
              "preview": {
                "download": "@@images/logo-400-b3914e2b3e7cee9d6311357e491d1727.png", 
                "height": 150, 
                "width": 400
              }, 
              "small": {
                "download": "@@images/logo-48-57f4f3ca34ec01527f7ea2098d9f31a3.png", 
                "height": 18, 
                "width": 48
              }, 
              "teaser": {
                "download": "@@images/logo-600-f4ebe7e4075619d5640f5465cf0c2df5.png", 
                "height": 226, 
                "width": 600
              }, 
              "thumb": {
                "download": "@@images/logo-128-d3b68db1faf3f67eb4611b01d6610dd4.png", 
                "height": 48, 
                "width": 128
              }, 
              "tile": {
                "download": "@@images/logo-64-1e28997115191bb87166a4395f719b18.png", 
                "height": 24, 
                "width": 64
              }, 
              "tiny": {
                "download": "@@images/logo-24-ca859f93d91bab9c676ba9196247502b.png", 
                "height": 9, 
                "width": 24
              }
            }, 
            "size": 64481, 
            "width": 1115
          }
        ]
      }, 
      "mime_type": "message/rfc822", 
      "nav_title": null, 
      "review_state": "published", 
      "start": null, 
      "title": "An Eagra\u00edocht Idirn\u00e1isi\u00fanta um Imirce", 
      "type_title": "Organisation"
    }, 
    {
      "@id": "https://climate-adapt.eea.europa.eu/bg/metadata/organisations/international-organization-for-migration", 
      "@type": "eea.climateadapt.organisation", 
      "description": "", 
      "effective": "2025-08-26T10:18:09+00:00", 
      "end": null, 
      "getObjSize": "7.3 KB", 
      "head_title": null, 
      "image_field": "", 
      "image_scales": {
        "logo": [
          {
            "content-type": "image/png", 
            "download": "@@images/logo-1115-91c98f7625d6347a0eff9c777b5989a1.png", 
            "filename": "IOM-Visibiliy_Logo_PRIM_BLUE_RGB-EN.png", 
            "height": 420, 
            "scales": {
              "big": {
                "download": "@@images/logo-80-3ffb4ef0d0fb9397cf66dd84f7e30217.png", 
                "height": 30, 
                "width": 80
              }, 
              "icon": {
                "download": "@@images/logo-32-9689f29195b94af4c53227d0dbd79c0f.png", 
                "height": 12, 
                "width": 32
              }, 
              "large": {
                "download": "@@images/logo-800-2204974d3a122834b49fa9ebcf417a84.png", 
                "height": 301, 
                "width": 800
              }, 
              "larger": {
                "download": "@@images/logo-1000-afa7322f4c5fa2ae08ab22fef8efffad.png", 
                "height": 376, 
                "width": 1000
              }, 
              "medium": {
                "download": "@@images/logo-60-408a72211ba57e9c85c1de81cade1a6d.png", 
                "height": 22, 
                "width": 60
              }, 
              "mini": {
                "download": "@@images/logo-200-a1971638f95e61c03a532450e1d9eb35.png", 
                "height": 75, 
                "width": 200
              }, 
              "preview": {
                "download": "@@images/logo-400-b3914e2b3e7cee9d6311357e491d1727.png", 
                "height": 150, 
                "width": 400
              }, 
              "small": {
                "download": "@@images/logo-48-57f4f3ca34ec01527f7ea2098d9f31a3.png", 
                "height": 18, 
                "width": 48
              }, 
              "teaser": {
                "download": "@@images/logo-600-f4ebe7e4075619d5640f5465cf0c2df5.png", 
                "height": 226, 
                "width": 600
              }, 
              "thumb": {
                "download": "@@images/logo-128-d3b68db1faf3f67eb4611b01d6610dd4.png", 
                "height": 48, 
                "width": 128
              }, 
              "tile": {
                "download": "@@images/logo-64-1e28997115191bb87166a4395f719b18.png", 
                "height": 24, 
                "width": 64
              }, 
              "tiny": {
                "download": "@@images/logo-24-ca859f93d91bab9c676ba9196247502b.png", 
                "height": 9, 
                "width": 24
              }
            }, 
            "size": 64481, 
            "width": 1115
          }
        ]
      }, 
      "mime_type": "message/rfc822", 
      "nav_title": null, 
      "review_state": "published", 
      "start": null, 
      "title": "\u041c\u0435\u0436\u0434\u0443\u043d\u0430\u0440\u043e\u0434\u043d\u0430 \u043e\u0440\u0433\u0430\u043d\u0438\u0437\u0430\u0446\u0438\u044f \u043f\u043e \u043c\u0438\u0433\u0440\u0430\u0446\u0438\u044f", 
      "type_title": "Organisation"
    }, 
    {
      "@id": "https://climate-adapt.eea.europa.eu/lt/metadata/organisations/world-meteorological-organization", 
      "@type": "eea.climateadapt.organisation", 
      "description": "Pasaulio meteorologijos organizacijos (WMO) Europos regioninis biuras padeda \u012fgyvendinti WMO visuotinius \u012fgaliojimus WMO VI regionin\u0117je asociacijoje (Europa, Piet\u0173 Kaukazas, Artimieji Rytai ir Kazachstanas), palengvindamas nacionalini\u0173 meteorologijos ir hidrologijos tarnyb\u0173 (NMHS), regionini\u0173 institucij\u0173 ir JT partneri\u0173 bendradarbiavim\u0105. Ji teikia koordinavimo, technin\u0119 param\u0105 ir politikos gaires, kad pad\u0117t\u0173 Parlamento nariams teikti patikimas oro, klimato, hidrologines ir susijusias aplinkosaugos paslaugas, kuriomis tenkinami visuomen\u0117s poreikiai ir remiamas darnus vystymasis, nelaimi\u0173 rizikos ma\u017einimas ir atsparumas klimato kaitai Europoje ir gretimose vietov\u0117se. Jos darbas grind\u017eiamas WMO politikos priemon\u0117mis, \u012fskaitant WMO strategin\u012f plan\u0105.", 
      "effective": "2025-08-19T08:11:45+00:00", 
      "end": null, 
      "getObjSize": "6.4 KB", 
      "head_title": null, 
      "image_field": "", 
      "image_scales": {
        "logo": [
          {
            "content-type": "image/png", 
            "download": "@@images/logo-766-907db7d97f3c9b20c18a8cb78bb8c8d5.png", 
            "filename": "WMO.png", 
            "height": 255, 
            "scales": {
              "big": {
                "download": "@@images/logo-80-e50628398ab60a845802f5f0c5ba55ad.png", 
                "height": 26, 
                "width": 80
              }, 
              "icon": {
                "download": "@@images/logo-32-859ecdd4a0470e37b28768b25fad97a9.png", 
                "height": 10, 
                "width": 32
              }, 
              "medium": {
                "download": "@@images/logo-60-3583e67179f5b390b813c092098197b9.png", 
                "height": 19, 
                "width": 60
              }, 
              "mini": {
                "download": "@@images/logo-200-e727f72bc2da2fccc6558d5158a5f7f3.png", 
                "height": 66, 
                "width": 200
              }, 
              "preview": {
                "download": "@@images/logo-400-49f4d24a3cc6ed1edfdd3e87feb29fbe.png", 
                "height": 133, 
                "width": 400
              }, 
              "small": {
                "download": "@@images/logo-48-a190fb4013e26b403f685882907e5484.png", 
                "height": 15, 
                "width": 48
              }, 
              "teaser": {
                "download": "@@images/logo-600-73ee86a8556b113256f002e399ff1aa9.png", 
                "height": 199, 
                "width": 600
              }, 
              "thumb": {
                "download": "@@images/logo-128-7886b5c9286faa4b2188714fcd4fc4d1.png", 
                "height": 42, 
                "width": 128
              }, 
              "tile": {
                "download": "@@images/logo-64-b1aca6189552689d1d466eadae48cc3b.png", 
                "height": 21, 
                "width": 64
              }, 
              "tiny": {
                "download": "@@images/logo-24-9452b7f2b86bb51f69335902a3d20925.png", 
                "height": 7, 
                "width": 24
              }
            }, 
            "size": 52451, 
            "width": 766
          }
        ]
      }, 
      "mime_type": "message/rfc822", 
      "nav_title": null, 
      "review_state": "published", 
      "start": null, 
      "title": "Pasaulin\u0117 meteorologijos organizacija", 
      "type_title": "Organisation"
    }, 
    {
      "@id": "https://climate-adapt.eea.europa.eu/ga/metadata/organisations/world-meteorological-organization", 
      "@type": "eea.climateadapt.organisation", 
      "description": "Taca\u00edonn Oifig R\u00e9igi\u00fanach na hEagra\u00edochta Domhanda Meit\u00e9areola\u00edochta don Eoraip (WMO) le cur chun feidhme shainord\u00fa domhanda WMO i gComhlachas R\u00e9igi\u00fanach VI WMO (an Eoraip, Cugas Theas, an Me\u00e1noirthear agus an Chasacst\u00e1in) tr\u00ed chomhar a \u00e9asc\u00fa i measc Seirbh\u00eds\u00ed N\u00e1isi\u00fanta Meit\u00e9areola\u00edochta agus Hidreola\u00edocha (NMHSanna), institi\u00faid\u00ed r\u00e9igi\u00fanacha, agus comhph\u00e1irtithe na N\u00e1isi\u00fan Aontaithe. Cuireann s\u00e9 comhord\u00fa, taca\u00edocht theicni\u00fail agus treoir bheartais ar f\u00e1il chun cabhr\u00fa leis na Feisir\u00ed seirbh\u00eds\u00ed \u00fadar\u00e1sacha aimsire, aer\u00e1ide, hidreola\u00edocha agus seirbh\u00eds\u00ed gaolmhara comhshaoil a shol\u00e1thar lena dtugtar aghaidh ar riachtanais na socha\u00ed agus lena dtaca\u00edtear le forbairt inbhuanaithe, laghd\u00fa riosca\u00ed tubaiste, agus athl\u00e9imneacht in aghaidh an athraithe aer\u00e1ide san Eoraip agus i limist\u00e9ir ch\u00f3ngaracha. T\u00e1 a chuid oibre \u00e1 treor\u00fa ag ionstraim\u00ed beartais WMO, lena n-\u00e1ir\u00edtear Plean Strait\u00e9iseach WMO.", 
      "effective": "2025-08-19T08:11:45+00:00", 
      "end": null, 
      "getObjSize": "6.8 KB", 
      "head_title": null, 
      "image_field": "", 
      "image_scales": {
        "logo": [
          {
            "content-type": "image/png", 
            "download": "@@images/logo-766-907db7d97f3c9b20c18a8cb78bb8c8d5.png", 
            "filename": "WMO.png", 
            "height": 255, 
            "scales": {
              "big": {
                "download": "@@images/logo-80-e50628398ab60a845802f5f0c5ba55ad.png", 
                "height": 26, 
                "width": 80
              }, 
              "icon": {
                "download": "@@images/logo-32-859ecdd4a0470e37b28768b25fad97a9.png", 
                "height": 10, 
                "width": 32
              }, 
              "medium": {
                "download": "@@images/logo-60-3583e67179f5b390b813c092098197b9.png", 
                "height": 19, 
                "width": 60
              }, 
              "mini": {
                "download": "@@images/logo-200-e727f72bc2da2fccc6558d5158a5f7f3.png", 
                "height": 66, 
                "width": 200
              }, 
              "preview": {
                "download": "@@images/logo-400-49f4d24a3cc6ed1edfdd3e87feb29fbe.png", 
                "height": 133, 
                "width": 400
              }, 
              "small": {
                "download": "@@images/logo-48-a190fb4013e26b403f685882907e5484.png", 
                "height": 15, 
                "width": 48
              }, 
              "teaser": {
                "download": "@@images/logo-600-73ee86a8556b113256f002e399ff1aa9.png", 
                "height": 199, 
                "width": 600
              }, 
              "thumb": {
                "download": "@@images/logo-128-7886b5c9286faa4b2188714fcd4fc4d1.png", 
                "height": 42, 
                "width": 128
              }, 
              "tile": {
                "download": "@@images/logo-64-b1aca6189552689d1d466eadae48cc3b.png", 
                "height": 21, 
                "width": 64
              }, 
              "tiny": {
                "download": "@@images/logo-24-9452b7f2b86bb51f69335902a3d20925.png", 
                "height": 7, 
                "width": 24
              }
            }, 
            "size": 52451, 
            "width": 766
          }
        ]
      }, 
      "mime_type": "message/rfc822", 
      "nav_title": null, 
      "review_state": "published", 
      "start": null, 
      "title": "An Eagra\u00edocht Dhomhanda Meit\u00e9areola\u00edochta", 
      "type_title": "Organisation"
    }, 
    {
      "@id": "https://climate-adapt.eea.europa.eu/mt/metadata/organisations/world-meteorological-organization", 
      "@type": "eea.climateadapt.organisation", 
      "description": "L-Uffi\u010b\u010bju Re\u0121jonali g\u0127all-Ewropa tal-Organizzazzjoni Meteorolo\u0121ika Dinjija (WMO) jappo\u0121\u0121a l-implimentazzjoni tal-mandat globali tad-WMO fl-Asso\u010bjazzjoni Re\u0121jonali VI tad-WMO (l-Ewropa, il-Kawkasu tan-Nofsinhar, il-Lvant Nofsani u l-Ka\u017cakistan) billi jiffa\u010bilita l-kooperazzjoni fost is-Servizzi Meteorolo\u0121i\u010bi u Idrolo\u0121i\u010bi Nazzjonali (NMHSs), l-istituzzjonijiet re\u0121jonali, u s-s\u0127ab tan-NU. Dan jipprovdi koordinazzjoni, appo\u0121\u0121 tekniku, u gwida politika biex jg\u0127in lill-Membri jwasslu servizzi awtorevoli tat-temp, tal-klima, idrolo\u0121i\u010bi u ambjentali relatati li jindirizzaw il-\u0127ti\u0121ijiet tas-so\u010bjet\u00e0 u jappo\u0121\u0121aw l-i\u017cvilupp sostenibbli, it-tnaqqis tar-riskju ta\u2019 di\u017castri, u r-re\u017ciljenza g\u0127at-tibdil fil-klima fl-Ewropa u fi\u017c-\u017coni kontigwi. Il-\u0127idma tieg\u0127u hija ggwidata mill-istrumenti ta\u2019 politika tad-WMO, inklu\u017c il-Pjan Strate\u0121iku tad-WMO.", 
      "effective": "2025-08-19T08:11:45+00:00", 
      "end": null, 
      "getObjSize": "6.7 KB", 
      "head_title": null, 
      "image_field": "", 
      "image_scales": {
        "logo": [
          {
            "content-type": "image/png", 
            "download": "@@images/logo-766-907db7d97f3c9b20c18a8cb78bb8c8d5.png", 
            "filename": "WMO.png", 
            "height": 255, 
            "scales": {
              "big": {
                "download": "@@images/logo-80-e50628398ab60a845802f5f0c5ba55ad.png", 
                "height": 26, 
                "width": 80
              }, 
              "icon": {
                "download": "@@images/logo-32-859ecdd4a0470e37b28768b25fad97a9.png", 
                "height": 10, 
                "width": 32
              }, 
              "medium": {
                "download": "@@images/logo-60-3583e67179f5b390b813c092098197b9.png", 
                "height": 19, 
                "width": 60
              }, 
              "mini": {
                "download": "@@images/logo-200-e727f72bc2da2fccc6558d5158a5f7f3.png", 
                "height": 66, 
                "width": 200
              }, 
              "preview": {
                "download": "@@images/logo-400-49f4d24a3cc6ed1edfdd3e87feb29fbe.png", 
                "height": 133, 
                "width": 400
              }, 
              "small": {
                "download": "@@images/logo-48-a190fb4013e26b403f685882907e5484.png", 
                "height": 15, 
                "width": 48
              }, 
              "teaser": {
                "download": "@@images/logo-600-73ee86a8556b113256f002e399ff1aa9.png", 
                "height": 199, 
                "width": 600
              }, 
              "thumb": {
                "download": "@@images/logo-128-7886b5c9286faa4b2188714fcd4fc4d1.png", 
                "height": 42, 
                "width": 128
              }, 
              "tile": {
                "download": "@@images/logo-64-b1aca6189552689d1d466eadae48cc3b.png", 
                "height": 21, 
                "width": 64
              }, 
              "tiny": {
                "download": "@@images/logo-24-9452b7f2b86bb51f69335902a3d20925.png", 
                "height": 7, 
                "width": 24
              }
            }, 
            "size": 52451, 
            "width": 766
          }
        ]
      }, 
      "mime_type": "message/rfc822", 
      "nav_title": null, 
      "review_state": "published", 
      "start": null, 
      "title": "Organizzazzjoni Meteorolo\u0121ika Dinjija", 
      "type_title": "Organisation"
    }, 
    {
      "@id": "https://climate-adapt.eea.europa.eu/hu/metadata/organisations/world-meteorological-organization", 
      "@type": "eea.climateadapt.organisation", 
      "description": "A Meteorol\u00f3giai Vil\u00e1gszervezet (WMO) Eur\u00f3pai Region\u00e1lis Irod\u00e1ja t\u00e1mogatja a WMO glob\u00e1lis megb\u00edzat\u00e1s\u00e1nak v\u00e9grehajt\u00e1s\u00e1t a WMO VI. Region\u00e1lis Sz\u00f6vets\u00e9g\u00e9ben (Eur\u00f3pa, D\u00e9l-Kauk\u00e1zus, K\u00f6zel-Kelet \u00e9s Kazahszt\u00e1n) az\u00e1ltal, hogy el\u0151seg\u00edti a Nemzeti Meteorol\u00f3giai \u00e9s Hidrol\u00f3giai Szolg\u00e1latok (NMHS-ek), a region\u00e1lis int\u00e9zm\u00e9nyek \u00e9s az ENSZ-partnerek k\u00f6z\u00f6tti egy\u00fcttm\u0171k\u00f6d\u00e9st. Koordin\u00e1ci\u00f3t, technikai t\u00e1mogat\u00e1st \u00e9s szakpolitikai ir\u00e1nymutat\u00e1st ny\u00fajt annak \u00e9rdek\u00e9ben, hogy seg\u00edtse a k\u00e9pvisel\u0151ket olyan hiteles id\u0151j\u00e1r\u00e1si, \u00e9ghajlati, hidrol\u00f3giai \u00e9s kapcsol\u00f3d\u00f3 k\u00f6rnyezetv\u00e9delmi szolg\u00e1ltat\u00e1sok ny\u00fajt\u00e1s\u00e1ban, amelyek kezelik a t\u00e1rsadalmi ig\u00e9nyeket, \u00e9s t\u00e1mogatj\u00e1k a fenntarthat\u00f3 fejl\u0151d\u00e9st, a katasztr\u00f3fakock\u00e1zat-cs\u00f6kkent\u00e9st \u00e9s az \u00e9ghajlatv\u00e1ltoz\u00e1s hat\u00e1saival szembeni rezilienci\u00e1t Eur\u00f3p\u00e1ban \u00e9s a szomsz\u00e9dos ter\u00fcleteken. Munk\u00e1j\u00e1t a WMO szakpolitikai eszk\u00f6zei, t\u00f6bbek k\u00f6z\u00f6tt a WMO strat\u00e9giai terve vez\u00e9rlik.", 
      "effective": "2025-08-19T08:11:45+00:00", 
      "end": null, 
      "getObjSize": "7.4 KB", 
      "head_title": null, 
      "image_field": "", 
      "image_scales": {
        "logo": [
          {
            "content-type": "image/png", 
            "download": "@@images/logo-766-907db7d97f3c9b20c18a8cb78bb8c8d5.png", 
            "filename": "WMO.png", 
            "height": 255, 
            "scales": {
              "big": {
                "download": "@@images/logo-80-e50628398ab60a845802f5f0c5ba55ad.png", 
                "height": 26, 
                "width": 80
              }, 
              "icon": {
                "download": "@@images/logo-32-859ecdd4a0470e37b28768b25fad97a9.png", 
                "height": 10, 
                "width": 32
              }, 
              "medium": {
                "download": "@@images/logo-60-3583e67179f5b390b813c092098197b9.png", 
                "height": 19, 
                "width": 60
              }, 
              "mini": {
                "download": "@@images/logo-200-e727f72bc2da2fccc6558d5158a5f7f3.png", 
                "height": 66, 
                "width": 200
              }, 
              "preview": {
                "download": "@@images/logo-400-49f4d24a3cc6ed1edfdd3e87feb29fbe.png", 
                "height": 133, 
                "width": 400
              }, 
              "small": {
                "download": "@@images/logo-48-a190fb4013e26b403f685882907e5484.png", 
                "height": 15, 
                "width": 48
              }, 
              "teaser": {
                "download": "@@images/logo-600-73ee86a8556b113256f002e399ff1aa9.png", 
                "height": 199, 
                "width": 600
              }, 
              "thumb": {
                "download": "@@images/logo-128-7886b5c9286faa4b2188714fcd4fc4d1.png", 
                "height": 42, 
                "width": 128
              }, 
              "tile": {
                "download": "@@images/logo-64-b1aca6189552689d1d466eadae48cc3b.png", 
                "height": 21, 
                "width": 64
              }, 
              "tiny": {
                "download": "@@images/logo-24-9452b7f2b86bb51f69335902a3d20925.png", 
                "height": 7, 
                "width": 24
              }
            }, 
            "size": 52451, 
            "width": 766
          }
        ]
      }, 
      "mime_type": "message/rfc822", 
      "nav_title": null, 
      "review_state": "published", 
      "start": null, 
      "title": "Meteorol\u00f3giai Vil\u00e1gszervezet", 
      "type_title": "Organisation"
    }, 
    {
      "@id": "https://climate-adapt.eea.europa.eu/sl/metadata/organisations/world-meteorological-organization", 
      "@type": "eea.climateadapt.organisation", 
      "description": "Regionalni urad Svetovne meteorolo\u0161ke organizacije za Evropo podpira izvajanje globalnega mandata Svetovne meteorolo\u0161ke organizacije v Regionalnem zdru\u017eenju Svetovne meteorolo\u0161ke organizacije VI (Evropa, Ju\u017eni Kavkaz, Bli\u017enji vzhod in Kazahstan) z olaj\u0161evanjem sodelovanja med nacionalnimi meteorolo\u0161kimi in hidrolo\u0161kimi slu\u017ebami, regionalnimi institucijami in partnerji ZN. Zagotavlja usklajevanje, tehni\u010dno podporo in politi\u010dne smernice za pomo\u010d \u010dlanicam pri zagotavljanju verodostojnih vremenskih, podnebnih, hidrolo\u0161kih in s tem povezanih okoljskih storitev, ki obravnavajo dru\u017ebene potrebe ter podpirajo trajnostni razvoj, zmanj\u0161evanje tveganja nesre\u010d in odpornost proti podnebnim spremembam v Evropi in sosednjih obmo\u010djih. Njeno delo temelji na instrumentih politike Svetovne meteorolo\u0161ke organizacije, vklju\u010dno s strate\u0161kim na\u010drtom Svetovne meteorolo\u0161ke organizacije.", 
      "effective": "2025-08-19T08:11:45+00:00", 
      "end": null, 
      "getObjSize": "6.7 KB", 
      "head_title": null, 
      "image_field": "", 
      "image_scales": {
        "logo": [
          {
            "content-type": "image/png", 
            "download": "@@images/logo-766-907db7d97f3c9b20c18a8cb78bb8c8d5.png", 
            "filename": "WMO.png", 
            "height": 255, 
            "scales": {
              "big": {
                "download": "@@images/logo-80-e50628398ab60a845802f5f0c5ba55ad.png", 
                "height": 26, 
                "width": 80
              }, 
              "icon": {
                "download": "@@images/logo-32-859ecdd4a0470e37b28768b25fad97a9.png", 
                "height": 10, 
                "width": 32
              }, 
              "medium": {
                "download": "@@images/logo-60-3583e67179f5b390b813c092098197b9.png", 
                "height": 19, 
                "width": 60
              }, 
              "mini": {
                "download": "@@images/logo-200-e727f72bc2da2fccc6558d5158a5f7f3.png", 
                "height": 66, 
                "width": 200
              }, 
              "preview": {
                "download": "@@images/logo-400-49f4d24a3cc6ed1edfdd3e87feb29fbe.png", 
                "height": 133, 
                "width": 400
              }, 
              "small": {
                "download": "@@images/logo-48-a190fb4013e26b403f685882907e5484.png", 
                "height": 15, 
                "width": 48
              }, 
              "teaser": {
                "download": "@@images/logo-600-73ee86a8556b113256f002e399ff1aa9.png", 
                "height": 199, 
                "width": 600
              }, 
              "thumb": {
                "download": "@@images/logo-128-7886b5c9286faa4b2188714fcd4fc4d1.png", 
                "height": 42, 
                "width": 128
              }, 
              "tile": {
                "download": "@@images/logo-64-b1aca6189552689d1d466eadae48cc3b.png", 
                "height": 21, 
                "width": 64
              }, 
              "tiny": {
                "download": "@@images/logo-24-9452b7f2b86bb51f69335902a3d20925.png", 
                "height": 7, 
                "width": 24
              }
            }, 
            "size": 52451, 
            "width": 766
          }
        ]
      }, 
      "mime_type": "message/rfc822", 
      "nav_title": null, 
      "review_state": "published", 
      "start": null, 
      "title": "Svetovna meteorolo\u0161ka organizacija", 
      "type_title": "Organisation"
    }, 
    {
      "@id": "https://climate-adapt.eea.europa.eu/sv/metadata/organisations/world-meteorological-organization", 
      "@type": "eea.climateadapt.organisation", 
      "description": "Meteorologiska v\u00e4rldsorganisationens (WMO) regionala kontor f\u00f6r Europa st\u00f6der genomf\u00f6randet av WMO:s globala mandat i WMO:s regionala sammanslutning VI (Europa, Sydkaukasien, Mellan\u00f6stern och Kazakstan) genom att underl\u00e4tta samarbetet mellan nationella meteorologiska och hydrologiska tj\u00e4nster, regionala institutioner och FN-partner. Den tillhandah\u00e5ller samordning, tekniskt st\u00f6d och politisk v\u00e4gledning f\u00f6r att hj\u00e4lpa ledam\u00f6terna att tillhandah\u00e5lla tillf\u00f6rlitliga v\u00e4der-, klimat-, hydrologiska och relaterade milj\u00f6tj\u00e4nster som tillgodoser samh\u00e4llets behov och st\u00f6der h\u00e5llbar utveckling, katastrofriskreducering och klimatresiliens i Europa och angr\u00e4nsande omr\u00e5den. Dess arbete styrs av WMO:s politiska instrument, inklusive WMO:s strategiska plan.", 
      "effective": "2025-08-19T08:11:45+00:00", 
      "end": null, 
      "getObjSize": "6.0 KB", 
      "head_title": null, 
      "image_field": "", 
      "image_scales": {
        "logo": [
          {
            "content-type": "image/png", 
            "download": "@@images/logo-766-907db7d97f3c9b20c18a8cb78bb8c8d5.png", 
            "filename": "WMO.png", 
            "height": 255, 
            "scales": {
              "big": {
                "download": "@@images/logo-80-e50628398ab60a845802f5f0c5ba55ad.png", 
                "height": 26, 
                "width": 80
              }, 
              "icon": {
                "download": "@@images/logo-32-859ecdd4a0470e37b28768b25fad97a9.png", 
                "height": 10, 
                "width": 32
              }, 
              "medium": {
                "download": "@@images/logo-60-3583e67179f5b390b813c092098197b9.png", 
                "height": 19, 
                "width": 60
              }, 
              "mini": {
                "download": "@@images/logo-200-e727f72bc2da2fccc6558d5158a5f7f3.png", 
                "height": 66, 
                "width": 200
              }, 
              "preview": {
                "download": "@@images/logo-400-49f4d24a3cc6ed1edfdd3e87feb29fbe.png", 
                "height": 133, 
                "width": 400
              }, 
              "small": {
                "download": "@@images/logo-48-a190fb4013e26b403f685882907e5484.png", 
                "height": 15, 
                "width": 48
              }, 
              "teaser": {
                "download": "@@images/logo-600-73ee86a8556b113256f002e399ff1aa9.png", 
                "height": 199, 
                "width": 600
              }, 
              "thumb": {
                "download": "@@images/logo-128-7886b5c9286faa4b2188714fcd4fc4d1.png", 
                "height": 42, 
                "width": 128
              }, 
              "tile": {
                "download": "@@images/logo-64-b1aca6189552689d1d466eadae48cc3b.png", 
                "height": 21, 
                "width": 64
              }, 
              "tiny": {
                "download": "@@images/logo-24-9452b7f2b86bb51f69335902a3d20925.png", 
                "height": 7, 
                "width": 24
              }
            }, 
            "size": 52451, 
            "width": 766
          }
        ]
      }, 
      "mime_type": "message/rfc822", 
      "nav_title": null, 
      "review_state": "published", 
      "start": null, 
      "title": "Meteorologiska v\u00e4rldsorganisationen", 
      "type_title": "Organisation"
    }, 
    {
      "@id": "https://climate-adapt.eea.europa.eu/lv/metadata/organisations/world-meteorological-organization", 
      "@type": "eea.climateadapt.organisation", 
      "description": "Pasaules Meteorolo\u0123ijas organiz\u0101cijas (PMO) Eiropas re\u0123ion\u0101lais birojs atbalsta PMO glob\u0101lo pilnvaru \u012bsteno\u0161anu PMO re\u0123ion\u0101laj\u0101 apvien\u012bb\u0101 VI (Eiropa, Dienvidkauk\u0101zs, Tuvie Austrumi un Kazahst\u0101na), veicinot sadarb\u012bbu starp nacion\u0101lajiem meteorolo\u0123iskajiem un hidrolo\u0123iskajiem dienestiem (NMHS), re\u0123ion\u0101laj\u0101m iest\u0101d\u0113m un ANO partneriem. Tas nodro\u0161ina koordin\u0101ciju, tehnisko atbalstu un politikas nor\u0101d\u012bjumus, lai pal\u012bdz\u0113tu deput\u0101tiem sniegt autoritat\u012bvus laikapst\u0101k\u013cu, klimata, hidrolo\u0123iskos un saist\u012btos vides pakalpojumus, kas apmierina sabiedr\u012bbas vajadz\u012bbas un atbalsta ilgtsp\u0113j\u012bgu att\u012bst\u012bbu, katastrofu riska mazin\u0101\u0161anu un klimatnotur\u012bbu Eirop\u0101 un blakuseso\u0161aj\u0101s teritorij\u0101s. T\u0101s darba pamat\u0101 ir PMO politikas instrumenti, tostarp PMO strat\u0113\u0123iskais pl\u0101ns.", 
      "effective": "2025-08-19T08:11:45+00:00", 
      "end": null, 
      "getObjSize": "6.3 KB", 
      "head_title": null, 
      "image_field": "", 
      "image_scales": {
        "logo": [
          {
            "content-type": "image/png", 
            "download": "@@images/logo-766-907db7d97f3c9b20c18a8cb78bb8c8d5.png", 
            "filename": "WMO.png", 
            "height": 255, 
            "scales": {
              "big": {
                "download": "@@images/logo-80-e50628398ab60a845802f5f0c5ba55ad.png", 
                "height": 26, 
                "width": 80
              }, 
              "icon": {
                "download": "@@images/logo-32-859ecdd4a0470e37b28768b25fad97a9.png", 
                "height": 10, 
                "width": 32
              }, 
              "medium": {
                "download": "@@images/logo-60-3583e67179f5b390b813c092098197b9.png", 
                "height": 19, 
                "width": 60
              }, 
              "mini": {
                "download": "@@images/logo-200-e727f72bc2da2fccc6558d5158a5f7f3.png", 
                "height": 66, 
                "width": 200
              }, 
              "preview": {
                "download": "@@images/logo-400-49f4d24a3cc6ed1edfdd3e87feb29fbe.png", 
                "height": 133, 
                "width": 400
              }, 
              "small": {
                "download": "@@images/logo-48-a190fb4013e26b403f685882907e5484.png", 
                "height": 15, 
                "width": 48
              }, 
              "teaser": {
                "download": "@@images/logo-600-73ee86a8556b113256f002e399ff1aa9.png", 
                "height": 199, 
                "width": 600
              }, 
              "thumb": {
                "download": "@@images/logo-128-7886b5c9286faa4b2188714fcd4fc4d1.png", 
                "height": 42, 
                "width": 128
              }, 
              "tile": {
                "download": "@@images/logo-64-b1aca6189552689d1d466eadae48cc3b.png", 
                "height": 21, 
                "width": 64
              }, 
              "tiny": {
                "download": "@@images/logo-24-9452b7f2b86bb51f69335902a3d20925.png", 
                "height": 7, 
                "width": 24
              }
            }, 
            "size": 52451, 
            "width": 766
          }
        ]
      }, 
      "mime_type": "message/rfc822", 
      "nav_title": null, 
      "review_state": "published", 
      "start": null, 
      "title": "Pasaules Meteorolo\u0123ijas organiz\u0101cija", 
      "type_title": "Organisation"
    }
  ], 
  "items_total": 297, 
  "language": "", 
  "layout": "listing_view", 
  "limit": 1000, 
  "lock": {}, 
  "modified": "2024-01-19T09:27:22+00:00", 
  "next_item": {}, 
  "parent": {
    "@id": "https://climate-adapt.eea.europa.eu", 
    "@type": "Plone Site", 
    "description": "", 
    "title": "Climate-ADAPT", 
    "type_title": "Plone Site"
  }, 
  "previous_item": {}, 
  "query": [
    {
      "i": "portal_type", 
      "o": "plone.app.querystring.operation.selection.any", 
      "v": [
        "eea.climateadapt.organisation"
      ]
    }, 
    {
      "i": "include_in_observatory", 
      "o": "plone.app.querystring.operation.boolean.isTrue", 
      "v": ""
    }, 
    {
      "i": "special_tags", 
      "o": "plone.app.querystring.operation.selection.any", 
      "v": [
        "HealthObservatoryPartner"
      ]
    }
  ], 
  "relatedItems": [], 
  "review_state": "published", 
  "rights": null, 
  "sort_on": "getObjPositionInParent", 
  "sort_reversed": true, 
  "subjects": [], 
  "text": null, 
  "title": "Observatory organisations", 
  "type_title": "Collection", 
  "version": "current", 
  "working_copy": null, 
  "working_copy_of": null
}